{"id":102042,"date":"2025-02-17T12:35:00","date_gmt":"2025-02-17T11:35:00","guid":{"rendered":"https:\/\/h-moser.com\/non-classifiee\/h-moser-alpine-2024-review\/"},"modified":"2025-05-16T10:42:13","modified_gmt":"2025-05-16T08:42:13","slug":"h-moser-alpine-2024-review","status":"publish","type":"post","link":"https:\/\/h-moser.com\/fr\/chronicles-fr\/alpine-motorsports-fr\/h-moser-alpine-2024-review\/","title":{"rendered":"Pr\u00e9cision, passion, podiums : retour sur l&rsquo;ann\u00e9e 2024"},"content":{"rendered":"\n<p>Quelle aventure ! Des rues de Shanghai \u00e0 l&rsquo;atmosph\u00e8re \u00e9lectrisante de S\u00e3o Paulo, des rivages ensoleill\u00e9s de Miami aux circuits \u00e0 haute tension d&rsquo;Abu Dhabi, nous avons v\u00e9cu une aventure pleine d&rsquo;adr\u00e9naline avec nos amis d&rsquo;Alpine Motorsports. Ensemble, nous avons affin\u00e9 la pr\u00e9cision, d\u00e9pass\u00e9 les attentes et fait des vagues significatives tant sur la piste qu&rsquo;en dehors. Accrochez-vous alors que nous revenons sur les moments forts de ce partenariat \u00e9lectrisant.<\/p>\n\n\n\n<h3 class=\"wp-block-heading\">F\u00e9vrier : un nouveau chapitre commence <\/h3>\n\n\n\n<p>Nous avons d\u00e9marr\u00e9 en trombe en f\u00e9vrier avec l&rsquo;annonce de notre partenariat r\u00e9volutionnaire avec Alpine Motorsports \u2014 une alliance qui fusionne deux marques b\u00e2ties sur un h\u00e9ritage d&rsquo;excellence et d&rsquo;innovation audacieuse. La pr\u00e9cision horlog\u00e8re rencontre la performance du sport automobile d&rsquo;\u00e9lite, les deux marques partageant un esprit rebelle et une volont\u00e9 de d\u00e9fier la norme. Le partenariat a pris vie avec le d\u00e9voilement de la voiture de Formule 1 A524 et de l&rsquo;Hypercar d&rsquo;endurance mondiale A424 \u2014 deux d\u00e9mons de vitesse incarnant notre vision commune. D\u00e8s le d\u00e9but de l&rsquo;ann\u00e9e 2024, nous passions d\u00e9j\u00e0 \u00e0 la vitesse sup\u00e9rieure.<\/p>\n\n\n\n<h3 class=\"wp-block-heading\">Avril : un spectacle \u00e0 Shanghai <\/h3>\n\n\n\n<p>Avril a apport\u00e9 une vague d&rsquo;excitation alors que nous introduisions la premi\u00e8re montre n\u00e9e de ce partenariat : la Streamliner Cylindrical Tourbillon Skeleton Alpine Limited Edition. Inspir\u00e9e par le bleu inimitable de l&rsquo;\u00e9quipe BWT Alpine Formula One, cette chef-d&rsquo;\u0153uvre sculptural m\u00eale ing\u00e9nierie de pointe et artisanat avant-gardiste. Avec seulement 100 pi\u00e8ces existantes, cette montre sensationnelle a fait une entr\u00e9e remarqu\u00e9e lors du Grand Prix de Formule 1 de Chine \u00e0 Shanghai \u2014 une sc\u00e8ne digne de son design audacieux. Au-del\u00e0 de la voie des stands, elle a captiv\u00e9 les passionn\u00e9s de montres du monde entier. Et comme si cela ne suffisait pas, nous avons \u00e9galement lanc\u00e9 notre collaboration avec le pilote de F1 Alpine, Pierre Gasly \u2014 la premi\u00e8re fois que nous nous associons \u00e0 un athl\u00e8te individuel.<\/p>\n\n\n\n<h3 class=\"wp-block-heading\">Mai : mont\u00e9e en temp\u00e9rature <\/h3>\n\n\n\n<p>Le Grand Prix de Miami nous a donn\u00e9 l&rsquo;excuse parfaite pour monter la temp\u00e9rature. \u00c0 la veille de la course, nous avons d\u00e9voil\u00e9 la Streamliner Alpine Limited Edition Pink Livery \u2014 un hommage audacieux \u00e0 la deuxi\u00e8me livr\u00e9e de l&rsquo;\u00e9quipe et \u00e0 la teinte signature de BWT. Avec seulement 20 pi\u00e8ces en circulation, cette montre frappante a irradi\u00e9 de flair, de pr\u00e9cision et de performance brute. L&rsquo;\u00e9nergie \u00e9lectrique de Miami a servi de toile de fond \u00e0 son lancement, et disons simplement que ce fut un coup de foudre.<\/p>\n\n\n\n<figure class=\"wp-block-image size-full\"><img loading=\"lazy\" decoding=\"async\" width=\"960\" height=\"540\" src=\"https:\/\/h-moser.com\/wp-content\/uploads\/2025\/02\/Alpine-NL-1.png\" alt=\"\" class=\"wp-image-101574\" srcset=\"https:\/\/h-moser.com\/wp-content\/uploads\/2025\/02\/Alpine-NL-1.png 960w, https:\/\/h-moser.com\/wp-content\/uploads\/2025\/02\/Alpine-NL-1-300x169.png 300w, https:\/\/h-moser.com\/wp-content\/uploads\/2025\/02\/Alpine-NL-1-768x432.png 768w, https:\/\/h-moser.com\/wp-content\/uploads\/2025\/02\/Alpine-NL-1-267x150.png 267w, https:\/\/h-moser.com\/wp-content\/uploads\/2025\/02\/Alpine-NL-1-360x203.png 360w, https:\/\/h-moser.com\/wp-content\/uploads\/2025\/02\/Alpine-NL-1-444x250.png 444w, https:\/\/h-moser.com\/wp-content\/uploads\/2025\/02\/Alpine-NL-1-305x172.png 305w, https:\/\/h-moser.com\/wp-content\/uploads\/2025\/02\/Alpine-NL-1-259x146.png 259w, https:\/\/h-moser.com\/wp-content\/uploads\/2025\/02\/Alpine-NL-1-413x232.png 413w, https:\/\/h-moser.com\/wp-content\/uploads\/2025\/02\/Alpine-NL-1-523x294.png 523w, https:\/\/h-moser.com\/wp-content\/uploads\/2025\/02\/Alpine-NL-1-533x300.png 533w, https:\/\/h-moser.com\/wp-content\/uploads\/2025\/02\/Alpine-NL-1-400x225.png 400w, https:\/\/h-moser.com\/wp-content\/uploads\/2025\/02\/Alpine-NL-1-73x41.png 73w, https:\/\/h-moser.com\/wp-content\/uploads\/2025\/02\/Alpine-NL-1-335x188.png 335w, https:\/\/h-moser.com\/wp-content\/uploads\/2025\/02\/Alpine-NL-1-605x340.png 605w, https:\/\/h-moser.com\/wp-content\/uploads\/2025\/02\/Alpine-NL-1-802x451.png 802w, https:\/\/h-moser.com\/wp-content\/uploads\/2025\/02\/Alpine-NL-1-811x456.png 811w, https:\/\/h-moser.com\/wp-content\/uploads\/2025\/02\/Alpine-NL-1-427x240.png 427w, https:\/\/h-moser.com\/wp-content\/uploads\/2025\/02\/Alpine-NL-1-238x134.png 238w, https:\/\/h-moser.com\/wp-content\/uploads\/2025\/02\/Alpine-NL-1-600x338.png 600w\" sizes=\"auto, (max-width: 960px) 100vw, 960px\" \/><\/figure>\n\n\n\n<h3 class=\"wp-block-heading\">Septembre : invit\u00e9s sp\u00e9ciaux et podiums <\/h3>\n\n\n\n<p>Septembre a vu l&rsquo;\u00e9lan s&rsquo;acc\u00e9l\u00e9rer, commen\u00e7ant par une fin \u00e9pique sur le podium lors du Championnat du Monde d&rsquo;Endurance FIA. L&rsquo;\u00e9quipe Alpine Endurance a d\u00e9croch\u00e9 la troisi\u00e8me place lors des 6 Heures de Fuji, avec les pilotes Matthew Vaxivier, Nicolas Lapierre et Mick Schumacher prouvant que le travail d&rsquo;\u00e9quipe alimente le succ\u00e8s. Ce jalon a marqu\u00e9 le premier go\u00fbt de la gloire sur le podium pour l&rsquo;Hypercar A424.<\/p>\n\n\n\n<p>Pendant ce temps, de retour \u00e0 Schaffhausen, nous avons eu quelques visiteurs de haut profil : les pilotes F1 Alpine Pierre Gasly et Jack Doohan. Notre PDG, Edouard Meylan, leur a fait visiter notre monde horloger, leur montrant la R&amp;D, la production, et m\u00eame quelques projets \u00e0 venir tr\u00e8s secrets. Ce fut une rencontre des esprits, et nous avons h\u00e2te de les accueillir \u00e0 nouveau pour plus d&rsquo;actions en coulisses.<\/p>\n\n\n\n<h3 class=\"wp-block-heading\">Novembre : un double podium historique <\/h3>\n\n\n\n<p>Le Grand Prix du Br\u00e9sil a offert un spectacle pour les \u00e2ges, avec Esteban Ocon et Pierre Gasly s&rsquo;\u00e9lan\u00e7ant vers les 2e et 3e places. Au milieu du chaos et du drame d&rsquo;une course charg\u00e9e d&rsquo;action, Alpine a r\u00e9alis\u00e9 un double podium spectaculaire \u2014 un exploit qui nous a tous fait c\u00e9l\u00e9brer avec style. Si c&rsquo;est un avant-go\u00fbt de ce qui est \u00e0 venir, nous nous pr\u00e9parons \u00e0 de s\u00e9rieuses douches de champagne \u00e0 l&rsquo;avenir.<\/p>\n\n\n\n<figure class=\"wp-block-image size-large\"><img loading=\"lazy\" decoding=\"async\" width=\"1024\" height=\"597\" src=\"https:\/\/h-moser.com\/wp-content\/uploads\/2025\/02\/HMoser_Alpine_Newsletter__December__1200x700px__01-1024x597.jpg\" alt=\"\" class=\"wp-image-101553\" srcset=\"https:\/\/h-moser.com\/wp-content\/uploads\/2025\/02\/HMoser_Alpine_Newsletter__December__1200x700px__01-1024x597.jpg 1024w, https:\/\/h-moser.com\/wp-content\/uploads\/2025\/02\/HMoser_Alpine_Newsletter__December__1200x700px__01-300x175.jpg 300w, https:\/\/h-moser.com\/wp-content\/uploads\/2025\/02\/HMoser_Alpine_Newsletter__December__1200x700px__01-768x448.jpg 768w, https:\/\/h-moser.com\/wp-content\/uploads\/2025\/02\/HMoser_Alpine_Newsletter__December__1200x700px__01-257x150.jpg 257w, https:\/\/h-moser.com\/wp-content\/uploads\/2025\/02\/HMoser_Alpine_Newsletter__December__1200x700px__01-360x210.jpg 360w, https:\/\/h-moser.com\/wp-content\/uploads\/2025\/02\/HMoser_Alpine_Newsletter__December__1200x700px__01-429x250.jpg 429w, https:\/\/h-moser.com\/wp-content\/uploads\/2025\/02\/HMoser_Alpine_Newsletter__December__1200x700px__01-305x178.jpg 305w, https:\/\/h-moser.com\/wp-content\/uploads\/2025\/02\/HMoser_Alpine_Newsletter__December__1200x700px__01-259x151.jpg 259w, https:\/\/h-moser.com\/wp-content\/uploads\/2025\/02\/HMoser_Alpine_Newsletter__December__1200x700px__01-413x241.jpg 413w, https:\/\/h-moser.com\/wp-content\/uploads\/2025\/02\/HMoser_Alpine_Newsletter__December__1200x700px__01-523x305.jpg 523w, https:\/\/h-moser.com\/wp-content\/uploads\/2025\/02\/HMoser_Alpine_Newsletter__December__1200x700px__01-514x300.jpg 514w, https:\/\/h-moser.com\/wp-content\/uploads\/2025\/02\/HMoser_Alpine_Newsletter__December__1200x700px__01-400x233.jpg 400w, https:\/\/h-moser.com\/wp-content\/uploads\/2025\/02\/HMoser_Alpine_Newsletter__December__1200x700px__01-70x41.jpg 70w, https:\/\/h-moser.com\/wp-content\/uploads\/2025\/02\/HMoser_Alpine_Newsletter__December__1200x700px__01-335x195.jpg 335w, https:\/\/h-moser.com\/wp-content\/uploads\/2025\/02\/HMoser_Alpine_Newsletter__December__1200x700px__01-605x353.jpg 605w, https:\/\/h-moser.com\/wp-content\/uploads\/2025\/02\/HMoser_Alpine_Newsletter__December__1200x700px__01-802x468.jpg 802w, https:\/\/h-moser.com\/wp-content\/uploads\/2025\/02\/HMoser_Alpine_Newsletter__December__1200x700px__01-782x456.jpg 782w, https:\/\/h-moser.com\/wp-content\/uploads\/2025\/02\/HMoser_Alpine_Newsletter__December__1200x700px__01-427x249.jpg 427w, https:\/\/h-moser.com\/wp-content\/uploads\/2025\/02\/HMoser_Alpine_Newsletter__December__1200x700px__01-238x139.jpg 238w, https:\/\/h-moser.com\/wp-content\/uploads\/2025\/02\/HMoser_Alpine_Newsletter__December__1200x700px__01-600x350.jpg 600w, https:\/\/h-moser.com\/wp-content\/uploads\/2025\/02\/HMoser_Alpine_Newsletter__December__1200x700px__01.jpg 1200w\" sizes=\"auto, (max-width: 1024px) 100vw, 1024px\" \/><\/figure>\n\n\n\n<h3 class=\"wp-block-heading\"><strong>D\u00e9cembre : une fin en apoth\u00e9ose<\/strong> <\/h3>\n\n\n\n<p>Alors que la saison 2024 se terminait, Alpine a s\u00e9curis\u00e9 la 6e place dans le Championnat des Constructeurs. Pendant ce temps, lors du Grand Prix d&rsquo;Abu Dhabi, l&rsquo;histoire a \u00e9t\u00e9 \u00e9crite \u00e0 nouveau alors qu&rsquo;Abbi Pulling remportait le titre de l&rsquo;Acad\u00e9mie F1 avec neuf victoires, dont des victoires cons\u00e9cutives \u00e0 Abu Dhabi. Une performance record et une fa\u00e7on palpitante de cl\u00f4turer une ann\u00e9e inoubliable.<\/p>\n\n\n\n<h3 class=\"wp-block-heading\">2025 : l&rsquo;aventure continue <\/h3>\n\n\n\n<p>Et voil\u00e0 pour 2024. Des triomphes sur le podium aux innovations r\u00e9volutionnaires, cette ann\u00e9e a \u00e9t\u00e9 synonyme de repousser les limites et de prouver que la pr\u00e9cision et la passion sont le duo de pouvoir ultime. Attachez vos ceintures \u2014 2025 promet d&rsquo;\u00eatre encore plus grande, plus audacieuse et plus rapide. Restez \u00e0 l&rsquo;\u00e9coute, car cette aventure est loin d&rsquo;\u00eatre termin\u00e9e.<\/p>\n","protected":false},"excerpt":{"rendered":"<p>Des montres embl\u00e9matiques aux arriv\u00e9es fulgurantes, voici comment H. Moser &#038; Cie. x Alpine Motorsports ont mis le turbo en 2024. 3 f\u00e9vrier 2025, Temps de lecture : 4 minutes<\/p>\n","protected":false},"author":14,"featured_media":101996,"comment_status":"open","ping_status":"open","sticky":false,"template":"","format":"standard","meta":{"_acf_changed":false,"_seopress_robots_primary_cat":"none","_seopress_titles_title":"","_seopress_titles_desc":"","_seopress_robots_index":"","footnotes":""},"categories":[2175],"tags":[],"class_list":["post-102042","post","type-post","status-publish","format-standard","has-post-thumbnail","hentry","category-alpine-motorsports-fr"],"acf":[],"_links":{"self":[{"href":"https:\/\/h-moser.com\/fr\/wp-json\/wp\/v2\/posts\/102042","targetHints":{"allow":["GET"]}}],"collection":[{"href":"https:\/\/h-moser.com\/fr\/wp-json\/wp\/v2\/posts"}],"about":[{"href":"https:\/\/h-moser.com\/fr\/wp-json\/wp\/v2\/types\/post"}],"author":[{"embeddable":true,"href":"https:\/\/h-moser.com\/fr\/wp-json\/wp\/v2\/users\/14"}],"replies":[{"embeddable":true,"href":"https:\/\/h-moser.com\/fr\/wp-json\/wp\/v2\/comments?post=102042"}],"version-history":[{"count":3,"href":"https:\/\/h-moser.com\/fr\/wp-json\/wp\/v2\/posts\/102042\/revisions"}],"predecessor-version":[{"id":102072,"href":"https:\/\/h-moser.com\/fr\/wp-json\/wp\/v2\/posts\/102042\/revisions\/102072"}],"wp:featuredmedia":[{"embeddable":true,"href":"https:\/\/h-moser.com\/fr\/wp-json\/wp\/v2\/media\/101996"}],"wp:attachment":[{"href":"https:\/\/h-moser.com\/fr\/wp-json\/wp\/v2\/media?parent=102042"}],"wp:term":[{"taxonomy":"category","embeddable":true,"href":"https:\/\/h-moser.com\/fr\/wp-json\/wp\/v2\/categories?post=102042"},{"taxonomy":"post_tag","embeddable":true,"href":"https:\/\/h-moser.com\/fr\/wp-json\/wp\/v2\/tags?post=102042"}],"curies":[{"name":"wp","href":"https:\/\/api.w.org\/{rel}","templated":true}]}}